{"id":10163,"date":"2024-09-01T09:00:00","date_gmt":"2024-09-01T09:00:00","guid":{"rendered":"https:\/\/staging-eventrend.hu\/cikk\/irodalmi-zsur-a-central-kavehazban\/"},"modified":"2024-09-01T09:00:00","modified_gmt":"2024-09-01T09:00:00","slug":"irodalmi-zsur-a-central-kavehazban","status":"publish","type":"article","link":"https:\/\/eventrend.hu\/en\/cikk\/irodalmi-zsur-a-central-kavehazban\/","title":{"rendered":"Literary Gathering at the Centr\u00e1l Caf\u00e9"},"content":{"rendered":"<p>Trend FM aired a report on the Centr\u00e1l Grand Cafe &amp; Bar\u2019s series of free literary gatherings for student groups and on the revival of cultural traditions. During the broadcast, representatives of the corporate group presented the concept\u2014based on creative writing and active creative participation\u2014which adapts the spirit of the historic grand caf\u00e9 to today\u2019s educational trends.<\/p>","protected":false},"excerpt":{"rendered":"<p>Trend FM aired a report on the Centr\u00e1l Grand Cafe &amp; Bar\u2019s series of free literary gatherings for student groups and on the revival of cultural traditions. During the broadcast, representatives of the corporate group presented the concept\u2014based on creative writing and active creative participation\u2014which adapts the spirit of the historic grand caf\u00e9 to today\u2019s educational trends.<\/p>","protected":false},"featured_media":10164,"menu_order":53,"template":"","article_type":[86],"article_tag":[92],"class_list":["post-10163","article","type-article","status-publish","has-post-thumbnail","hentry","article_type-interju-podcast","article_tag-central-grand-cafe"],"acf":[],"_links":{"self":[{"href":"https:\/\/eventrend.hu\/en\/wp-json\/wp\/v2\/article\/10163","targetHints":{"allow":["GET"]}}],"collection":[{"href":"https:\/\/eventrend.hu\/en\/wp-json\/wp\/v2\/article"}],"about":[{"href":"https:\/\/eventrend.hu\/en\/wp-json\/wp\/v2\/types\/article"}],"wp:featuredmedia":[{"embeddable":true,"href":"https:\/\/eventrend.hu\/en\/wp-json\/wp\/v2\/media\/10164"}],"wp:attachment":[{"href":"https:\/\/eventrend.hu\/en\/wp-json\/wp\/v2\/media?parent=10163"}],"wp:term":[{"taxonomy":"article_type","embeddable":true,"href":"https:\/\/eventrend.hu\/en\/wp-json\/wp\/v2\/article_type?post=10163"},{"taxonomy":"article_tag","embeddable":true,"href":"https:\/\/eventrend.hu\/en\/wp-json\/wp\/v2\/article_tag?post=10163"}],"curies":[{"name":"wp","href":"https:\/\/api.w.org\/{rel}","templated":true}]}}