{"id":10177,"date":"2025-04-01T09:00:00","date_gmt":"2025-04-01T09:00:00","guid":{"rendered":"https:\/\/staging-eventrend.hu\/cikk\/visszater-az-irodalmi-zsur-a-centralba\/"},"modified":"2025-04-01T09:00:00","modified_gmt":"2025-04-01T09:00:00","slug":"visszater-az-irodalmi-zsur-a-centralba","status":"publish","type":"article","link":"https:\/\/eventrend.hu\/en\/cikk\/visszater-az-irodalmi-zsur-a-centralba\/","title":{"rendered":"The Literary Gathering Returns to the Centr\u00e1l"},"content":{"rendered":"<p>To mark Poetry Day, Trend FM\u2019s \u201cMotiv\u00e1tor\u201d program aired a report on the cultural events at the more than 100-year-old Centr\u00e1l Caf\u00e9. During the broadcast, the owners of the group, along with employees Gerg\u0151 Szem\u0151 and Gergely Galambos, presented the concept of the Literary Gathering, which aims to renew and intellectually revitalize this historic venue.<\/p>","protected":false},"excerpt":{"rendered":"<p>To mark Poetry Day, Trend FM\u2019s \u201cMotiv\u00e1tor\u201d program aired a report on the cultural events at the more than 100-year-old Centr\u00e1l Caf\u00e9. During the broadcast, the owners of the group, along with employees Gerg\u0151 Szem\u0151 and Gergely Galambos, presented the concept of the Literary Gathering, which aims to renew and intellectually revitalize this historic venue.<\/p>","protected":false},"featured_media":10178,"menu_order":60,"template":"","article_type":[86],"article_tag":[92],"class_list":["post-10177","article","type-article","status-publish","has-post-thumbnail","hentry","article_type-interju-podcast","article_tag-central-grand-cafe"],"acf":[],"_links":{"self":[{"href":"https:\/\/eventrend.hu\/en\/wp-json\/wp\/v2\/article\/10177","targetHints":{"allow":["GET"]}}],"collection":[{"href":"https:\/\/eventrend.hu\/en\/wp-json\/wp\/v2\/article"}],"about":[{"href":"https:\/\/eventrend.hu\/en\/wp-json\/wp\/v2\/types\/article"}],"wp:featuredmedia":[{"embeddable":true,"href":"https:\/\/eventrend.hu\/en\/wp-json\/wp\/v2\/media\/10178"}],"wp:attachment":[{"href":"https:\/\/eventrend.hu\/en\/wp-json\/wp\/v2\/media?parent=10177"}],"wp:term":[{"taxonomy":"article_type","embeddable":true,"href":"https:\/\/eventrend.hu\/en\/wp-json\/wp\/v2\/article_type?post=10177"},{"taxonomy":"article_tag","embeddable":true,"href":"https:\/\/eventrend.hu\/en\/wp-json\/wp\/v2\/article_tag?post=10177"}],"curies":[{"name":"wp","href":"https:\/\/api.w.org\/{rel}","templated":true}]}}