{"id":10442,"date":"2024-11-20T09:00:00","date_gmt":"2024-11-20T09:00:00","guid":{"rendered":"https:\/\/staging-eventrend.hu\/cikk\/evented-2024-osz\/"},"modified":"2026-06-22T12:50:39","modified_gmt":"2026-06-22T12:50:39","slug":"evented-2024-osz","status":"publish","type":"article","link":"https:\/\/eventrend.hu\/en\/cikk\/evented-2024-osz\/","title":{"rendered":"EvenTed Fall 2024"},"content":{"rendered":"<p>A Boh\u00e9m Rendezv\u00e9nyhelysz\u00edn adott otthont az EvenTED motiv\u00e1ci\u00f3s napnak, amelyet az Inspir\u00e1l\u00f3 Gondolatok d\u00e9lut\u00e1nja jegy\u00e9ben rendezett meg a c\u00e9gcsoport. A szakmai program c\u00e9lja a bels\u0151 tud\u00e1smegoszt\u00e1s \u00e9s az aktu\u00e1lis, tanuls\u00e1gos t\u00e9m\u00e1k feldolgoz\u00e1sa volt mini prezent\u00e1ci\u00f3kon kereszt\u00fcl. A h\u00e1zigazda egys\u00e9g technikai lebonyol\u00edt\u00e1ssal \u00e9s \u00e9telekkel t\u00e1mogatta a rendezv\u00e9nyt.<\/p>","protected":false},"excerpt":{"rendered":"<p>A Boh\u00e9m Rendezv\u00e9nyhelysz\u00edn adott otthont az EvenTED motiv\u00e1ci\u00f3s napnak, amelyet az Inspir\u00e1l\u00f3 Gondolatok d\u00e9lut\u00e1nja jegy\u00e9ben rendezett meg a c\u00e9gcsoport. A szakmai program c\u00e9lja a bels\u0151 tud\u00e1smegoszt\u00e1s \u00e9s az aktu\u00e1lis, tanuls\u00e1gos t\u00e9m\u00e1k feldolgoz\u00e1sa volt mini prezent\u00e1ci\u00f3kon kereszt\u00fcl. A h\u00e1zigazda egys\u00e9g technikai lebonyol\u00edt\u00e1ssal \u00e9s \u00e9telekkel t\u00e1mogatta a rendezv\u00e9nyt.<\/p>","protected":false},"featured_media":10443,"menu_order":12,"template":"","article_type":[145],"article_tag":[149,144,148],"class_list":["post-10442","article","type-article","status-publish","has-post-thumbnail","hentry","article_type-hr-social","article_tag-dolgozoi-programok","article_tag-eventrend-group","article_tag-hr-karrier"],"acf":[],"_links":{"self":[{"href":"https:\/\/eventrend.hu\/en\/wp-json\/wp\/v2\/article\/10442","targetHints":{"allow":["GET"]}}],"collection":[{"href":"https:\/\/eventrend.hu\/en\/wp-json\/wp\/v2\/article"}],"about":[{"href":"https:\/\/eventrend.hu\/en\/wp-json\/wp\/v2\/types\/article"}],"wp:featuredmedia":[{"embeddable":true,"href":"https:\/\/eventrend.hu\/en\/wp-json\/wp\/v2\/media\/10443"}],"wp:attachment":[{"href":"https:\/\/eventrend.hu\/en\/wp-json\/wp\/v2\/media?parent=10442"}],"wp:term":[{"taxonomy":"article_type","embeddable":true,"href":"https:\/\/eventrend.hu\/en\/wp-json\/wp\/v2\/article_type?post=10442"},{"taxonomy":"article_tag","embeddable":true,"href":"https:\/\/eventrend.hu\/en\/wp-json\/wp\/v2\/article_tag?post=10442"}],"curies":[{"name":"wp","href":"https:\/\/api.w.org\/{rel}","templated":true}]}}